{"id":1,"date":"2020-03-27T10:24:00","date_gmt":"2020-03-27T09:24:00","guid":{"rendered":"http:\/\/www.domainedelaretiere.fr\/?p=1"},"modified":"2024-11-23T18:25:39","modified_gmt":"2024-11-23T17:25:39","slug":"bonjour-tout-le-monde","status":"publish","type":"post","link":"https:\/\/www.domainedelaretiere.fr\/index.php\/2020\/03\/27\/bonjour-tout-le-monde\/","title":{"rendered":"Un projet qui voit le jour"},"content":{"rendered":"\n<p class=\"wp-block-paragraph\">Apr\u00e8s plusieurs ann\u00e9es \u00e0 m\u00fbrir mon projet, \u00e7a y est, je me lance.<\/p>\n\n\n\n<p class=\"wp-block-paragraph\">Je m\u2019appelle Thierry Le Briquer, apr\u00e8s des \u00e9tudes d\u2019ing\u00e9nieur en conception m\u00e9canique, j\u2019ai travaill\u00e9 dans l\u2019industrie automobile pendant 7 ans, avant de m\u2019orienter vers la m\u00e9canisation des vendanges.<\/p>\n\n\n\n<p class=\"wp-block-paragraph\">Apr\u00e8s presque 15 ans \u00e0 c\u00f4toyer en permanence les vignerons et les vignobles du monde entier, j\u2019ai moi aussi eu envie de devenir un vigneron \u201camateur\u201d pendant mon temps libre.<\/p>\n\n\n\n<p class=\"wp-block-paragraph\">Ceci me permet, \u00e0 la fois de compl\u00e9ter mes comp\u00e9tences professionnelles, et aussi de me permettre de revenir \u00e0 mes sources familiales qui sont l\u2019agriculture. J\u2019ai donc achet\u00e9 25 hectares de vignes avec l\u2019id\u00e9e de produire un vin avec un impact carbone le plus faible possible.<\/p>\n","protected":false},"excerpt":{"rendered":"<p>Apr\u00e8s plusieurs ann\u00e9es \u00e0 m\u00fbrir mon projet, \u00e7a y est, je me lance. Je m\u2019appelle Thierry Le Briquer, apr\u00e8s des \u00e9tudes d\u2019ing\u00e9nieur en conception m\u00e9canique, j\u2019ai travaill\u00e9 dans l\u2019industrie automobile pendant 7 ans, avant de m\u2019orienter vers la m\u00e9canisation des vendanges. Apr\u00e8s presque 15 ans \u00e0 c\u00f4toyer en permanence les vignerons et les vignobles du [&hellip;]<\/p>\n","protected":false},"author":1,"featured_media":108,"comment_status":"open","ping_status":"open","sticky":false,"template":"","format":"standard","meta":{"footnotes":""},"categories":[1],"tags":[],"class_list":["post-1","post","type-post","status-publish","format-standard","has-post-thumbnail","hentry","category-non-classe"],"aioseo_notices":[],"aioseo_head":"\n\t\t<!-- All in One SEO 4.9.10 - aioseo.com -->\n\t<meta name=\"description\" content=\"Apr\u00e8s plusieurs ann\u00e9es \u00e0 m\u00fbrir mon projet, \u00e7a y est, je me lance. Je m\u2019appelle Thierry Le Briquer, apr\u00e8s des \u00e9tudes d\u2019ing\u00e9nieur en conception m\u00e9canique, j\u2019ai travaill\u00e9 dans l\u2019industrie automobile pendant 7 ans, avant de m\u2019orienter vers la m\u00e9canisation des vendanges. Apr\u00e8s presque 15 ans \u00e0 c\u00f4toyer en permanence les vignerons et les vignobles du\" \/>\n\t<meta name=\"robots\" content=\"max-image-preview:large\" \/>\n\t<meta name=\"author\" content=\"admin3337\"\/>\n\t<link rel=\"canonical\" href=\"https:\/\/www.domainedelaretiere.fr\/index.php\/2020\/03\/27\/bonjour-tout-le-monde\/\" \/>\n\t<meta name=\"generator\" content=\"All in One SEO (AIOSEO) 4.9.10\" \/>\n\t\t<meta property=\"og:locale\" content=\"en_US\" \/>\n\t\t<meta property=\"og:site_name\" content=\"- Un vin bas carbone\" \/>\n\t\t<meta property=\"og:type\" content=\"article\" \/>\n\t\t<meta property=\"og:title\" content=\"Un projet qui voit le jour -\" \/>\n\t\t<meta property=\"og:description\" content=\"Apr\u00e8s plusieurs ann\u00e9es \u00e0 m\u00fbrir mon projet, \u00e7a y est, je me lance. Je m\u2019appelle Thierry Le Briquer, apr\u00e8s des \u00e9tudes d\u2019ing\u00e9nieur en conception m\u00e9canique, j\u2019ai travaill\u00e9 dans l\u2019industrie automobile pendant 7 ans, avant de m\u2019orienter vers la m\u00e9canisation des vendanges. Apr\u00e8s presque 15 ans \u00e0 c\u00f4toyer en permanence les vignerons et les vignobles du\" \/>\n\t\t<meta property=\"og:url\" content=\"https:\/\/www.domainedelaretiere.fr\/index.php\/2020\/03\/27\/bonjour-tout-le-monde\/\" \/>\n\t\t<meta property=\"og:image\" content=\"https:\/\/www.domainedelaretiere.fr\/wp-content\/uploads\/2024\/11\/cropped-Logo-Domaine-de-la-Retiere.jpg\" \/>\n\t\t<meta property=\"og:image:secure_url\" content=\"https:\/\/www.domainedelaretiere.fr\/wp-content\/uploads\/2024\/11\/cropped-Logo-Domaine-de-la-Retiere.jpg\" \/>\n\t\t<meta property=\"og:image:width\" content=\"240\" \/>\n\t\t<meta property=\"og:image:height\" content=\"240\" \/>\n\t\t<meta property=\"article:published_time\" content=\"2020-03-27T09:24:00+00:00\" \/>\n\t\t<meta property=\"article:modified_time\" content=\"2024-11-23T17:25:39+00:00\" \/>\n\t\t<meta name=\"twitter:card\" content=\"summary_large_image\" \/>\n\t\t<meta name=\"twitter:title\" content=\"Un projet qui voit le jour -\" \/>\n\t\t<meta name=\"twitter:description\" content=\"Apr\u00e8s plusieurs ann\u00e9es \u00e0 m\u00fbrir mon projet, \u00e7a y est, je me lance. Je m\u2019appelle Thierry Le Briquer, apr\u00e8s des \u00e9tudes d\u2019ing\u00e9nieur en conception m\u00e9canique, j\u2019ai travaill\u00e9 dans l\u2019industrie automobile pendant 7 ans, avant de m\u2019orienter vers la m\u00e9canisation des vendanges. Apr\u00e8s presque 15 ans \u00e0 c\u00f4toyer en permanence les vignerons et les vignobles du\" \/>\n\t\t<meta name=\"twitter:image\" content=\"https:\/\/www.domainedelaretiere.fr\/wp-content\/uploads\/2024\/11\/cropped-Logo-Domaine-de-la-Retiere.jpg\" \/>\n\t\t<script type=\"application\/ld+json\" class=\"aioseo-schema\">\n\t\t\t{\"@context\":\"https:\\\/\\\/schema.org\",\"@graph\":[{\"@type\":\"BlogPosting\",\"@id\":\"https:\\\/\\\/www.domainedelaretiere.fr\\\/index.php\\\/2020\\\/03\\\/27\\\/bonjour-tout-le-monde\\\/#blogposting\",\"name\":\"Un projet qui voit le jour -\",\"headline\":\"Un projet qui voit le jour\",\"author\":{\"@id\":\"https:\\\/\\\/www.domainedelaretiere.fr\\\/index.php\\\/author\\\/admin3337\\\/#author\"},\"publisher\":{\"@id\":\"https:\\\/\\\/www.domainedelaretiere.fr\\\/#organization\"},\"image\":{\"@type\":\"ImageObject\",\"url\":\"https:\\\/\\\/www.domainedelaretiere.fr\\\/wp-content\\\/uploads\\\/2020\\\/03\\\/Thierry-150x150-1.png\",\"width\":150,\"height\":150},\"datePublished\":\"2020-03-27T10:24:00+01:00\",\"dateModified\":\"2024-11-23T18:25:39+01:00\",\"inLanguage\":\"en-US\",\"mainEntityOfPage\":{\"@id\":\"https:\\\/\\\/www.domainedelaretiere.fr\\\/index.php\\\/2020\\\/03\\\/27\\\/bonjour-tout-le-monde\\\/#webpage\"},\"isPartOf\":{\"@id\":\"https:\\\/\\\/www.domainedelaretiere.fr\\\/index.php\\\/2020\\\/03\\\/27\\\/bonjour-tout-le-monde\\\/#webpage\"},\"articleSection\":\"Vie du domaine\"},{\"@type\":\"BreadcrumbList\",\"@id\":\"https:\\\/\\\/www.domainedelaretiere.fr\\\/index.php\\\/2020\\\/03\\\/27\\\/bonjour-tout-le-monde\\\/#breadcrumblist\",\"itemListElement\":[{\"@type\":\"ListItem\",\"@id\":\"https:\\\/\\\/www.domainedelaretiere.fr#listItem\",\"position\":1,\"name\":\"Home\",\"item\":\"https:\\\/\\\/www.domainedelaretiere.fr\",\"nextItem\":{\"@type\":\"ListItem\",\"@id\":\"https:\\\/\\\/www.domainedelaretiere.fr\\\/index.php\\\/category\\\/actualites-2\\\/#listItem\",\"name\":\"Actu\"}},{\"@type\":\"ListItem\",\"@id\":\"https:\\\/\\\/www.domainedelaretiere.fr\\\/index.php\\\/category\\\/actualites-2\\\/#listItem\",\"position\":2,\"name\":\"Actu\",\"item\":\"https:\\\/\\\/www.domainedelaretiere.fr\\\/index.php\\\/category\\\/actualites-2\\\/\",\"nextItem\":{\"@type\":\"ListItem\",\"@id\":\"https:\\\/\\\/www.domainedelaretiere.fr\\\/index.php\\\/category\\\/actualites-2\\\/non-classe\\\/#listItem\",\"name\":\"Vie du domaine\"},\"previousItem\":{\"@type\":\"ListItem\",\"@id\":\"https:\\\/\\\/www.domainedelaretiere.fr#listItem\",\"name\":\"Home\"}},{\"@type\":\"ListItem\",\"@id\":\"https:\\\/\\\/www.domainedelaretiere.fr\\\/index.php\\\/category\\\/actualites-2\\\/non-classe\\\/#listItem\",\"position\":3,\"name\":\"Vie du domaine\",\"item\":\"https:\\\/\\\/www.domainedelaretiere.fr\\\/index.php\\\/category\\\/actualites-2\\\/non-classe\\\/\",\"nextItem\":{\"@type\":\"ListItem\",\"@id\":\"https:\\\/\\\/www.domainedelaretiere.fr\\\/index.php\\\/2020\\\/03\\\/27\\\/bonjour-tout-le-monde\\\/#listItem\",\"name\":\"Un projet qui voit le jour\"},\"previousItem\":{\"@type\":\"ListItem\",\"@id\":\"https:\\\/\\\/www.domainedelaretiere.fr\\\/index.php\\\/category\\\/actualites-2\\\/#listItem\",\"name\":\"Actu\"}},{\"@type\":\"ListItem\",\"@id\":\"https:\\\/\\\/www.domainedelaretiere.fr\\\/index.php\\\/2020\\\/03\\\/27\\\/bonjour-tout-le-monde\\\/#listItem\",\"position\":4,\"name\":\"Un projet qui voit le jour\",\"previousItem\":{\"@type\":\"ListItem\",\"@id\":\"https:\\\/\\\/www.domainedelaretiere.fr\\\/index.php\\\/category\\\/actualites-2\\\/non-classe\\\/#listItem\",\"name\":\"Vie du domaine\"}}]},{\"@type\":\"Organization\",\"@id\":\"https:\\\/\\\/www.domainedelaretiere.fr\\\/#organization\",\"description\":\"Un vin bas carbone\",\"url\":\"https:\\\/\\\/www.domainedelaretiere.fr\\\/\",\"logo\":{\"@type\":\"ImageObject\",\"url\":\"https:\\\/\\\/www.domainedelaretiere.fr\\\/wp-content\\\/uploads\\\/2024\\\/11\\\/cropped-Logo-Domaine-de-la-Retiere.jpg\",\"@id\":\"https:\\\/\\\/www.domainedelaretiere.fr\\\/index.php\\\/2020\\\/03\\\/27\\\/bonjour-tout-le-monde\\\/#organizationLogo\",\"width\":240,\"height\":240},\"image\":{\"@id\":\"https:\\\/\\\/www.domainedelaretiere.fr\\\/index.php\\\/2020\\\/03\\\/27\\\/bonjour-tout-le-monde\\\/#organizationLogo\"}},{\"@type\":\"Person\",\"@id\":\"https:\\\/\\\/www.domainedelaretiere.fr\\\/index.php\\\/author\\\/admin3337\\\/#author\",\"url\":\"https:\\\/\\\/www.domainedelaretiere.fr\\\/index.php\\\/author\\\/admin3337\\\/\",\"name\":\"admin3337\",\"image\":{\"@type\":\"ImageObject\",\"@id\":\"https:\\\/\\\/www.domainedelaretiere.fr\\\/index.php\\\/2020\\\/03\\\/27\\\/bonjour-tout-le-monde\\\/#authorImage\",\"url\":\"https:\\\/\\\/secure.gravatar.com\\\/avatar\\\/9469f888569aaf582ec6415cb394bc23c807ae38745c4fa5c740c4d5845cc164?s=96&d=mm&r=g\",\"width\":96,\"height\":96,\"caption\":\"admin3337\"}},{\"@type\":\"WebPage\",\"@id\":\"https:\\\/\\\/www.domainedelaretiere.fr\\\/index.php\\\/2020\\\/03\\\/27\\\/bonjour-tout-le-monde\\\/#webpage\",\"url\":\"https:\\\/\\\/www.domainedelaretiere.fr\\\/index.php\\\/2020\\\/03\\\/27\\\/bonjour-tout-le-monde\\\/\",\"name\":\"Un projet qui voit le jour -\",\"description\":\"Apr\\u00e8s plusieurs ann\\u00e9es \\u00e0 m\\u00fbrir mon projet, \\u00e7a y est, je me lance. Je m\\u2019appelle Thierry Le Briquer, apr\\u00e8s des \\u00e9tudes d\\u2019ing\\u00e9nieur en conception m\\u00e9canique, j\\u2019ai travaill\\u00e9 dans l\\u2019industrie automobile pendant 7 ans, avant de m\\u2019orienter vers la m\\u00e9canisation des vendanges. Apr\\u00e8s presque 15 ans \\u00e0 c\\u00f4toyer en permanence les vignerons et les vignobles du\",\"inLanguage\":\"en-US\",\"isPartOf\":{\"@id\":\"https:\\\/\\\/www.domainedelaretiere.fr\\\/#website\"},\"breadcrumb\":{\"@id\":\"https:\\\/\\\/www.domainedelaretiere.fr\\\/index.php\\\/2020\\\/03\\\/27\\\/bonjour-tout-le-monde\\\/#breadcrumblist\"},\"author\":{\"@id\":\"https:\\\/\\\/www.domainedelaretiere.fr\\\/index.php\\\/author\\\/admin3337\\\/#author\"},\"creator\":{\"@id\":\"https:\\\/\\\/www.domainedelaretiere.fr\\\/index.php\\\/author\\\/admin3337\\\/#author\"},\"image\":{\"@type\":\"ImageObject\",\"url\":\"https:\\\/\\\/www.domainedelaretiere.fr\\\/wp-content\\\/uploads\\\/2020\\\/03\\\/Thierry-150x150-1.png\",\"@id\":\"https:\\\/\\\/www.domainedelaretiere.fr\\\/index.php\\\/2020\\\/03\\\/27\\\/bonjour-tout-le-monde\\\/#mainImage\",\"width\":150,\"height\":150},\"primaryImageOfPage\":{\"@id\":\"https:\\\/\\\/www.domainedelaretiere.fr\\\/index.php\\\/2020\\\/03\\\/27\\\/bonjour-tout-le-monde\\\/#mainImage\"},\"datePublished\":\"2020-03-27T10:24:00+01:00\",\"dateModified\":\"2024-11-23T18:25:39+01:00\"},{\"@type\":\"WebSite\",\"@id\":\"https:\\\/\\\/www.domainedelaretiere.fr\\\/#website\",\"url\":\"https:\\\/\\\/www.domainedelaretiere.fr\\\/\",\"description\":\"Un vin bas carbone\",\"inLanguage\":\"en-US\",\"publisher\":{\"@id\":\"https:\\\/\\\/www.domainedelaretiere.fr\\\/#organization\"}}]}\n\t\t<\/script>\n\t\t<!-- All in One SEO -->\n\n","aioseo_head_json":{"title":"Un projet qui voit le jour -","description":"Apr\u00e8s plusieurs ann\u00e9es \u00e0 m\u00fbrir mon projet, \u00e7a y est, je me lance. Je m\u2019appelle Thierry Le Briquer, apr\u00e8s des \u00e9tudes d\u2019ing\u00e9nieur en conception m\u00e9canique, j\u2019ai travaill\u00e9 dans l\u2019industrie automobile pendant 7 ans, avant de m\u2019orienter vers la m\u00e9canisation des vendanges. Apr\u00e8s presque 15 ans \u00e0 c\u00f4toyer en permanence les vignerons et les vignobles du","canonical_url":"https:\/\/www.domainedelaretiere.fr\/index.php\/2020\/03\/27\/bonjour-tout-le-monde\/","robots":"max-image-preview:large","keywords":"","webmasterTools":{"miscellaneous":""},"schema":{"@context":"https:\/\/schema.org","@graph":[{"@type":"BlogPosting","@id":"https:\/\/www.domainedelaretiere.fr\/index.php\/2020\/03\/27\/bonjour-tout-le-monde\/#blogposting","name":"Un projet qui voit le jour -","headline":"Un projet qui voit le jour","author":{"@id":"https:\/\/www.domainedelaretiere.fr\/index.php\/author\/admin3337\/#author"},"publisher":{"@id":"https:\/\/www.domainedelaretiere.fr\/#organization"},"image":{"@type":"ImageObject","url":"https:\/\/www.domainedelaretiere.fr\/wp-content\/uploads\/2020\/03\/Thierry-150x150-1.png","width":150,"height":150},"datePublished":"2020-03-27T10:24:00+01:00","dateModified":"2024-11-23T18:25:39+01:00","inLanguage":"en-US","mainEntityOfPage":{"@id":"https:\/\/www.domainedelaretiere.fr\/index.php\/2020\/03\/27\/bonjour-tout-le-monde\/#webpage"},"isPartOf":{"@id":"https:\/\/www.domainedelaretiere.fr\/index.php\/2020\/03\/27\/bonjour-tout-le-monde\/#webpage"},"articleSection":"Vie du domaine"},{"@type":"BreadcrumbList","@id":"https:\/\/www.domainedelaretiere.fr\/index.php\/2020\/03\/27\/bonjour-tout-le-monde\/#breadcrumblist","itemListElement":[{"@type":"ListItem","@id":"https:\/\/www.domainedelaretiere.fr#listItem","position":1,"name":"Home","item":"https:\/\/www.domainedelaretiere.fr","nextItem":{"@type":"ListItem","@id":"https:\/\/www.domainedelaretiere.fr\/index.php\/category\/actualites-2\/#listItem","name":"Actu"}},{"@type":"ListItem","@id":"https:\/\/www.domainedelaretiere.fr\/index.php\/category\/actualites-2\/#listItem","position":2,"name":"Actu","item":"https:\/\/www.domainedelaretiere.fr\/index.php\/category\/actualites-2\/","nextItem":{"@type":"ListItem","@id":"https:\/\/www.domainedelaretiere.fr\/index.php\/category\/actualites-2\/non-classe\/#listItem","name":"Vie du domaine"},"previousItem":{"@type":"ListItem","@id":"https:\/\/www.domainedelaretiere.fr#listItem","name":"Home"}},{"@type":"ListItem","@id":"https:\/\/www.domainedelaretiere.fr\/index.php\/category\/actualites-2\/non-classe\/#listItem","position":3,"name":"Vie du domaine","item":"https:\/\/www.domainedelaretiere.fr\/index.php\/category\/actualites-2\/non-classe\/","nextItem":{"@type":"ListItem","@id":"https:\/\/www.domainedelaretiere.fr\/index.php\/2020\/03\/27\/bonjour-tout-le-monde\/#listItem","name":"Un projet qui voit le jour"},"previousItem":{"@type":"ListItem","@id":"https:\/\/www.domainedelaretiere.fr\/index.php\/category\/actualites-2\/#listItem","name":"Actu"}},{"@type":"ListItem","@id":"https:\/\/www.domainedelaretiere.fr\/index.php\/2020\/03\/27\/bonjour-tout-le-monde\/#listItem","position":4,"name":"Un projet qui voit le jour","previousItem":{"@type":"ListItem","@id":"https:\/\/www.domainedelaretiere.fr\/index.php\/category\/actualites-2\/non-classe\/#listItem","name":"Vie du domaine"}}]},{"@type":"Organization","@id":"https:\/\/www.domainedelaretiere.fr\/#organization","description":"Un vin bas carbone","url":"https:\/\/www.domainedelaretiere.fr\/","logo":{"@type":"ImageObject","url":"https:\/\/www.domainedelaretiere.fr\/wp-content\/uploads\/2024\/11\/cropped-Logo-Domaine-de-la-Retiere.jpg","@id":"https:\/\/www.domainedelaretiere.fr\/index.php\/2020\/03\/27\/bonjour-tout-le-monde\/#organizationLogo","width":240,"height":240},"image":{"@id":"https:\/\/www.domainedelaretiere.fr\/index.php\/2020\/03\/27\/bonjour-tout-le-monde\/#organizationLogo"}},{"@type":"Person","@id":"https:\/\/www.domainedelaretiere.fr\/index.php\/author\/admin3337\/#author","url":"https:\/\/www.domainedelaretiere.fr\/index.php\/author\/admin3337\/","name":"admin3337","image":{"@type":"ImageObject","@id":"https:\/\/www.domainedelaretiere.fr\/index.php\/2020\/03\/27\/bonjour-tout-le-monde\/#authorImage","url":"https:\/\/secure.gravatar.com\/avatar\/9469f888569aaf582ec6415cb394bc23c807ae38745c4fa5c740c4d5845cc164?s=96&d=mm&r=g","width":96,"height":96,"caption":"admin3337"}},{"@type":"WebPage","@id":"https:\/\/www.domainedelaretiere.fr\/index.php\/2020\/03\/27\/bonjour-tout-le-monde\/#webpage","url":"https:\/\/www.domainedelaretiere.fr\/index.php\/2020\/03\/27\/bonjour-tout-le-monde\/","name":"Un projet qui voit le jour -","description":"Apr\u00e8s plusieurs ann\u00e9es \u00e0 m\u00fbrir mon projet, \u00e7a y est, je me lance. Je m\u2019appelle Thierry Le Briquer, apr\u00e8s des \u00e9tudes d\u2019ing\u00e9nieur en conception m\u00e9canique, j\u2019ai travaill\u00e9 dans l\u2019industrie automobile pendant 7 ans, avant de m\u2019orienter vers la m\u00e9canisation des vendanges. Apr\u00e8s presque 15 ans \u00e0 c\u00f4toyer en permanence les vignerons et les vignobles du","inLanguage":"en-US","isPartOf":{"@id":"https:\/\/www.domainedelaretiere.fr\/#website"},"breadcrumb":{"@id":"https:\/\/www.domainedelaretiere.fr\/index.php\/2020\/03\/27\/bonjour-tout-le-monde\/#breadcrumblist"},"author":{"@id":"https:\/\/www.domainedelaretiere.fr\/index.php\/author\/admin3337\/#author"},"creator":{"@id":"https:\/\/www.domainedelaretiere.fr\/index.php\/author\/admin3337\/#author"},"image":{"@type":"ImageObject","url":"https:\/\/www.domainedelaretiere.fr\/wp-content\/uploads\/2020\/03\/Thierry-150x150-1.png","@id":"https:\/\/www.domainedelaretiere.fr\/index.php\/2020\/03\/27\/bonjour-tout-le-monde\/#mainImage","width":150,"height":150},"primaryImageOfPage":{"@id":"https:\/\/www.domainedelaretiere.fr\/index.php\/2020\/03\/27\/bonjour-tout-le-monde\/#mainImage"},"datePublished":"2020-03-27T10:24:00+01:00","dateModified":"2024-11-23T18:25:39+01:00"},{"@type":"WebSite","@id":"https:\/\/www.domainedelaretiere.fr\/#website","url":"https:\/\/www.domainedelaretiere.fr\/","description":"Un vin bas carbone","inLanguage":"en-US","publisher":{"@id":"https:\/\/www.domainedelaretiere.fr\/#organization"}}]},"og:locale":"en_US","og:site_name":"- Un vin bas carbone","og:type":"article","og:title":"Un projet qui voit le jour -","og:description":"Apr\u00e8s plusieurs ann\u00e9es \u00e0 m\u00fbrir mon projet, \u00e7a y est, je me lance. Je m\u2019appelle Thierry Le Briquer, apr\u00e8s des \u00e9tudes d\u2019ing\u00e9nieur en conception m\u00e9canique, j\u2019ai travaill\u00e9 dans l\u2019industrie automobile pendant 7 ans, avant de m\u2019orienter vers la m\u00e9canisation des vendanges. Apr\u00e8s presque 15 ans \u00e0 c\u00f4toyer en permanence les vignerons et les vignobles du","og:url":"https:\/\/www.domainedelaretiere.fr\/index.php\/2020\/03\/27\/bonjour-tout-le-monde\/","og:image":"https:\/\/www.domainedelaretiere.fr\/wp-content\/uploads\/2024\/11\/cropped-Logo-Domaine-de-la-Retiere.jpg","og:image:secure_url":"https:\/\/www.domainedelaretiere.fr\/wp-content\/uploads\/2024\/11\/cropped-Logo-Domaine-de-la-Retiere.jpg","og:image:width":240,"og:image:height":240,"article:published_time":"2020-03-27T09:24:00+00:00","article:modified_time":"2024-11-23T17:25:39+00:00","twitter:card":"summary_large_image","twitter:title":"Un projet qui voit le jour -","twitter:description":"Apr\u00e8s plusieurs ann\u00e9es \u00e0 m\u00fbrir mon projet, \u00e7a y est, je me lance. Je m\u2019appelle Thierry Le Briquer, apr\u00e8s des \u00e9tudes d\u2019ing\u00e9nieur en conception m\u00e9canique, j\u2019ai travaill\u00e9 dans l\u2019industrie automobile pendant 7 ans, avant de m\u2019orienter vers la m\u00e9canisation des vendanges. Apr\u00e8s presque 15 ans \u00e0 c\u00f4toyer en permanence les vignerons et les vignobles du","twitter:image":"https:\/\/www.domainedelaretiere.fr\/wp-content\/uploads\/2024\/11\/cropped-Logo-Domaine-de-la-Retiere.jpg"},"aioseo_meta_data":{"post_id":"1","title":null,"description":null,"keywords":null,"keyphrases":null,"primary_term":null,"canonical_url":null,"og_title":null,"og_description":null,"og_object_type":"default","og_image_type":"default","og_image_url":null,"og_image_width":null,"og_image_height":null,"og_image_custom_url":null,"og_image_custom_fields":null,"og_video":null,"og_custom_url":null,"og_article_section":null,"og_article_tags":null,"twitter_use_og":false,"twitter_card":"default","twitter_image_type":"default","twitter_image_url":null,"twitter_image_custom_url":null,"twitter_image_custom_fields":null,"twitter_title":null,"twitter_description":null,"schema":{"blockGraphs":[],"customGraphs":[],"default":{"data":{"Article":[],"Course":[],"Dataset":[],"FAQPage":[],"Movie":[],"Person":[],"Product":[],"ProductReview":[],"Car":[],"Recipe":[],"Service":[],"SoftwareApplication":[],"WebPage":[]},"graphName":"","isEnabled":true},"graphs":[]},"schema_type":"default","schema_type_options":null,"pillar_content":false,"robots_default":true,"robots_noindex":false,"robots_noarchive":false,"robots_nosnippet":false,"robots_nofollow":false,"robots_noimageindex":false,"robots_noodp":false,"robots_notranslate":false,"robots_max_snippet":null,"robots_max_videopreview":null,"robots_max_imagepreview":"large","priority":null,"frequency":null,"local_seo":null,"breadcrumb_settings":null,"limit_modified_date":false,"ai":null,"created":"2024-12-26 18:33:28","updated":"2025-12-27 14:36:43","seo_analyzer_scan_date":null},"aioseo_breadcrumb":"<div class=\"aioseo-breadcrumbs\"><span class=\"aioseo-breadcrumb\">\n\t\t\t<a href=\"https:\/\/www.domainedelaretiere.fr\" title=\"Home\">Home<\/a>\n\t\t<\/span><span class=\"aioseo-breadcrumb-separator\">&raquo;<\/span><span class=\"aioseo-breadcrumb\">\n\t\t\t<a href=\"https:\/\/www.domainedelaretiere.fr\/index.php\/category\/actualites-2\/\" title=\"Actu\">Actu<\/a>\n\t\t<\/span><span class=\"aioseo-breadcrumb-separator\">&raquo;<\/span><span class=\"aioseo-breadcrumb\">\n\t\t\t<a href=\"https:\/\/www.domainedelaretiere.fr\/index.php\/category\/actualites-2\/non-classe\/\" title=\"Vie du domaine\">Vie du domaine<\/a>\n\t\t<\/span><span class=\"aioseo-breadcrumb-separator\">&raquo;<\/span><span class=\"aioseo-breadcrumb\">\n\t\t\tUn projet qui voit le jour\n\t\t<\/span><\/div>","aioseo_breadcrumb_json":[{"label":"Home","link":"https:\/\/www.domainedelaretiere.fr"},{"label":"Actu","link":"https:\/\/www.domainedelaretiere.fr\/index.php\/category\/actualites-2\/"},{"label":"Vie du domaine","link":"https:\/\/www.domainedelaretiere.fr\/index.php\/category\/actualites-2\/non-classe\/"},{"label":"Un projet qui voit le jour","link":"https:\/\/www.domainedelaretiere.fr\/index.php\/2020\/03\/27\/bonjour-tout-le-monde\/"}],"_links":{"self":[{"href":"https:\/\/www.domainedelaretiere.fr\/index.php\/wp-json\/wp\/v2\/posts\/1","targetHints":{"allow":["GET"]}}],"collection":[{"href":"https:\/\/www.domainedelaretiere.fr\/index.php\/wp-json\/wp\/v2\/posts"}],"about":[{"href":"https:\/\/www.domainedelaretiere.fr\/index.php\/wp-json\/wp\/v2\/types\/post"}],"author":[{"embeddable":true,"href":"https:\/\/www.domainedelaretiere.fr\/index.php\/wp-json\/wp\/v2\/users\/1"}],"replies":[{"embeddable":true,"href":"https:\/\/www.domainedelaretiere.fr\/index.php\/wp-json\/wp\/v2\/comments?post=1"}],"version-history":[{"count":2,"href":"https:\/\/www.domainedelaretiere.fr\/index.php\/wp-json\/wp\/v2\/posts\/1\/revisions"}],"predecessor-version":[{"id":109,"href":"https:\/\/www.domainedelaretiere.fr\/index.php\/wp-json\/wp\/v2\/posts\/1\/revisions\/109"}],"wp:featuredmedia":[{"embeddable":true,"href":"https:\/\/www.domainedelaretiere.fr\/index.php\/wp-json\/wp\/v2\/media\/108"}],"wp:attachment":[{"href":"https:\/\/www.domainedelaretiere.fr\/index.php\/wp-json\/wp\/v2\/media?parent=1"}],"wp:term":[{"taxonomy":"category","embeddable":true,"href":"https:\/\/www.domainedelaretiere.fr\/index.php\/wp-json\/wp\/v2\/categories?post=1"},{"taxonomy":"post_tag","embeddable":true,"href":"https:\/\/www.domainedelaretiere.fr\/index.php\/wp-json\/wp\/v2\/tags?post=1"}],"curies":[{"name":"wp","href":"https:\/\/api.w.org\/{rel}","templated":true}]}}